{"id":154,"date":"2006-05-10T15:54:08","date_gmt":"2006-05-10T13:54:08","guid":{"rendered":"http:\/\/www.imot.ch\/wordpress\/2006\/05\/10\/endlich-wieder-eine-frau-im-bundesrat"},"modified":"2006-05-10T15:54:08","modified_gmt":"2006-05-10T13:54:08","slug":"endlich-wieder-eine-frau-im-bundesrat","status":"publish","type":"post","link":"https:\/\/www.imot.ch\/wordpress\/2006\/05\/10\/endlich-wieder-eine-frau-im-bundesrat\/","title":{"rendered":"Endlich wieder eine Frau im Bundesrat"},"content":{"rendered":"<p>Dem Titel nach zu beurteilen, steht es schon fast fest, dass das schw\u00e4chere Geschlecht endlich wieder einen Sitz im Bundesrat einnimmt. Noch ist es aber nicht soweit. Die Wahl findet am 14. Juni 2006 statt. Eigentlich ist aber schon klar, dass die CVP-Pr\u00e4sidentin das Rennen machen wird.&nbsp; Selbst von der SVP kommen keine Einw\u00e4nde.<br \/>mE ist das eine gute Wahl auch wenn mich die CVP nicht wirklich \u00fcberzeugt. Ihre Pr\u00e4sidentin aber ist eine beliebte Politikerin und gute Kommunikatorin. Dr\u00fccken wir also die Daumen, dass es bald eine Person im Bundeshaus gibt, die dem Blocher mal die Meinung sagt. \ud83d\ude42<\/p>\n","protected":false},"excerpt":{"rendered":"<p>Dem Titel nach zu beurteilen, steht es schon fast fest, dass das schw\u00e4chere Geschlecht endlich wieder einen Sitz im Bundesrat einnimmt. Noch ist es aber nicht soweit. Die Wahl findet am 14. Juni 2006 statt. Eigentlich ist aber schon klar, &hellip; <a href=\"https:\/\/www.imot.ch\/wordpress\/2006\/05\/10\/endlich-wieder-eine-frau-im-bundesrat\/\">Weiterlesen <span class=\"meta-nav\">&rarr;<\/span><\/a><\/p>\n","protected":false},"author":1,"featured_media":0,"comment_status":"open","ping_status":"open","sticky":false,"template":"","format":"standard","meta":{"footnotes":""},"categories":[10],"tags":[],"class_list":["post-154","post","type-post","status-publish","format-standard","hentry","category-the-crowd"],"_links":{"self":[{"href":"https:\/\/www.imot.ch\/wordpress\/wp-json\/wp\/v2\/posts\/154","targetHints":{"allow":["GET"]}}],"collection":[{"href":"https:\/\/www.imot.ch\/wordpress\/wp-json\/wp\/v2\/posts"}],"about":[{"href":"https:\/\/www.imot.ch\/wordpress\/wp-json\/wp\/v2\/types\/post"}],"author":[{"embeddable":true,"href":"https:\/\/www.imot.ch\/wordpress\/wp-json\/wp\/v2\/users\/1"}],"replies":[{"embeddable":true,"href":"https:\/\/www.imot.ch\/wordpress\/wp-json\/wp\/v2\/comments?post=154"}],"version-history":[{"count":0,"href":"https:\/\/www.imot.ch\/wordpress\/wp-json\/wp\/v2\/posts\/154\/revisions"}],"wp:attachment":[{"href":"https:\/\/www.imot.ch\/wordpress\/wp-json\/wp\/v2\/media?parent=154"}],"wp:term":[{"taxonomy":"category","embeddable":true,"href":"https:\/\/www.imot.ch\/wordpress\/wp-json\/wp\/v2\/categories?post=154"},{"taxonomy":"post_tag","embeddable":true,"href":"https:\/\/www.imot.ch\/wordpress\/wp-json\/wp\/v2\/tags?post=154"}],"curies":[{"name":"wp","href":"https:\/\/api.w.org\/{rel}","templated":true}]}}