{"id":217,"date":"2006-09-22T13:04:44","date_gmt":"2006-09-22T11:04:44","guid":{"rendered":"http:\/\/www.imot.ch\/wordpress\/2006\/09\/22\/zurich-multimobil"},"modified":"2006-09-22T13:04:44","modified_gmt":"2006-09-22T11:04:44","slug":"zurich-multimobil","status":"publish","type":"post","link":"https:\/\/www.imot.ch\/wordpress\/2006\/09\/22\/zurich-multimobil\/","title":{"rendered":"Z\u00fcrich Multimobil"},"content":{"rendered":"<p>Am Sonntag findet in Z\u00fcrich der <a href=\"http:\/\/www.stadt-zuerich.ch\/internet\/zmm\/home.html\">Multimobil-Anlass<\/a> statt. Dabei dreht sich alles um umweltfreundliche Mobilit\u00e4t. Auf der Pestalozziwiese tragen die <a href=\"http:\/\/suicmc06.ch\/\">Velokuriere die Schweizermeisterschaft<\/a> aus, in der Innenstadt gibts diverse St\u00e4nde mit Erdgasfahrzeugen, E-Bikes, Draisinenrennen, Hunderennen und vieles mehr. Das Highlight f\u00fcr mich ist klar die <a href=\"http:\/\/www.stadt-zuerich.ch\/internet\/zmm\/home\/Aktivitaeten\/vorpremiere.html\">Vorpremiere<\/a> des Umweltfilms <a href=\"http:\/\/www.climatecrisis.net\/\">&#8222;An inconvenient truth&#8220;<\/a> von Al Gore. Wie&#8217;s aussieht spielt auch das Wetter mit.<\/p>\n<p>So then, be there and have fun.<\/p>\n","protected":false},"excerpt":{"rendered":"<p>Am Sonntag findet in Z\u00fcrich der Multimobil-Anlass statt. Dabei dreht sich alles um umweltfreundliche Mobilit\u00e4t. Auf der Pestalozziwiese tragen die Velokuriere die Schweizermeisterschaft aus, in der Innenstadt gibts diverse St\u00e4nde mit Erdgasfahrzeugen, E-Bikes, Draisinenrennen, Hunderennen und vieles mehr. Das Highlight &hellip; <a href=\"https:\/\/www.imot.ch\/wordpress\/2006\/09\/22\/zurich-multimobil\/\">Weiterlesen <span class=\"meta-nav\">&rarr;<\/span><\/a><\/p>\n","protected":false},"author":1,"featured_media":0,"comment_status":"open","ping_status":"open","sticky":false,"template":"","format":"standard","meta":{"footnotes":""},"categories":[10],"tags":[46,71,78],"class_list":["post-217","post","type-post","status-publish","format-standard","hentry","category-the-crowd","tag-elektro","tag-mobil","tag-oeko"],"_links":{"self":[{"href":"https:\/\/www.imot.ch\/wordpress\/wp-json\/wp\/v2\/posts\/217","targetHints":{"allow":["GET"]}}],"collection":[{"href":"https:\/\/www.imot.ch\/wordpress\/wp-json\/wp\/v2\/posts"}],"about":[{"href":"https:\/\/www.imot.ch\/wordpress\/wp-json\/wp\/v2\/types\/post"}],"author":[{"embeddable":true,"href":"https:\/\/www.imot.ch\/wordpress\/wp-json\/wp\/v2\/users\/1"}],"replies":[{"embeddable":true,"href":"https:\/\/www.imot.ch\/wordpress\/wp-json\/wp\/v2\/comments?post=217"}],"version-history":[{"count":0,"href":"https:\/\/www.imot.ch\/wordpress\/wp-json\/wp\/v2\/posts\/217\/revisions"}],"wp:attachment":[{"href":"https:\/\/www.imot.ch\/wordpress\/wp-json\/wp\/v2\/media?parent=217"}],"wp:term":[{"taxonomy":"category","embeddable":true,"href":"https:\/\/www.imot.ch\/wordpress\/wp-json\/wp\/v2\/categories?post=217"},{"taxonomy":"post_tag","embeddable":true,"href":"https:\/\/www.imot.ch\/wordpress\/wp-json\/wp\/v2\/tags?post=217"}],"curies":[{"name":"wp","href":"https:\/\/api.w.org\/{rel}","templated":true}]}}