{"id":228,"date":"2006-12-22T10:16:39","date_gmt":"2006-12-22T09:16:39","guid":{"rendered":"http:\/\/www.imot.ch\/wordpress\/2006\/12\/22\/frohe-weihnachten-2"},"modified":"2006-12-22T10:16:39","modified_gmt":"2006-12-22T09:16:39","slug":"frohe-weihnachten-2","status":"publish","type":"post","link":"https:\/\/www.imot.ch\/wordpress\/2006\/12\/22\/frohe-weihnachten-2\/","title":{"rendered":"Frohe Weihnachten"},"content":{"rendered":"<p>Noch zweimal schlafen dann ist Heiligabend. F\u00fcr viele ein Fest des Schenkens und des Beschenkt werden. Sollte es aber nicht eher ein Fest der Besinnung, der Liebe gegen\u00fcber den Mitmenschen und des Zusammenseins in der Familie sein?<\/p>\n<p><!--more--><\/p>\n<p>In unserer kapitalistischen Welt leider nicht. Hier bestimmt die Wirtschaft was Weihnachten ist und was wir tun sollen. Geschenke kaufen und viel Geld ausgeben. In diesem Jahr ist der Umsatz sogar h\u00f6her als letztes Jahr.<\/p>\n<p>Diese Entwicklung stimmt mich bedenklich, kommen doch 80% unserer Produkte aus China und werden dort unter widrigsten, menschenverachtensten Umst\u00e4nden produziert. Denken wir also beim Auspacken der Geschenke auch etwas an die armen Menschen aus dem fernen Osten. Sie bekommen von den Farblacken und den D\u00e4mpfen Ausschl\u00e4ge im Gesicht, an den Armen platzen rote Blasen auf aber trotzdem arbeiten sie weiter an Teddyb\u00e4ren, Barbies, Puzzles, Ritterburgen und Gameboys; h\u00e4ufig bis zu 18 Stunden am Tag. Das ist unmenschlich und hat mE nichts mehr mit dem eigentlichen Weihnachtsfest zu tun. Darum bin ich froh, dass in meiner Familie die Zwangsschenkung schon lange abgeschafft wurde. Wir spenden lieber einen Betrag einer sozialen Organisation.<\/p>\n<p>In diesem Sinne, ein frohes Fest.<\/p>\n<p>[tags]x-mas, weihnacht, politics[\/tags]<\/p>\n","protected":false},"excerpt":{"rendered":"<p>Noch zweimal schlafen dann ist Heiligabend. F\u00fcr viele ein Fest des Schenkens und des Beschenkt werden. Sollte es aber nicht eher ein Fest der Besinnung, der Liebe gegen\u00fcber den Mitmenschen und des Zusammenseins in der Familie sein?<\/p>\n","protected":false},"author":1,"featured_media":0,"comment_status":"open","ping_status":"open","sticky":false,"template":"","format":"standard","meta":{"footnotes":""},"categories":[10],"tags":[69,88,128,135],"class_list":["post-228","post","type-post","status-publish","format-standard","hentry","category-the-crowd","tag-menschen","tag-politics","tag-weihnacht","tag-x-mas"],"_links":{"self":[{"href":"https:\/\/www.imot.ch\/wordpress\/wp-json\/wp\/v2\/posts\/228","targetHints":{"allow":["GET"]}}],"collection":[{"href":"https:\/\/www.imot.ch\/wordpress\/wp-json\/wp\/v2\/posts"}],"about":[{"href":"https:\/\/www.imot.ch\/wordpress\/wp-json\/wp\/v2\/types\/post"}],"author":[{"embeddable":true,"href":"https:\/\/www.imot.ch\/wordpress\/wp-json\/wp\/v2\/users\/1"}],"replies":[{"embeddable":true,"href":"https:\/\/www.imot.ch\/wordpress\/wp-json\/wp\/v2\/comments?post=228"}],"version-history":[{"count":0,"href":"https:\/\/www.imot.ch\/wordpress\/wp-json\/wp\/v2\/posts\/228\/revisions"}],"wp:attachment":[{"href":"https:\/\/www.imot.ch\/wordpress\/wp-json\/wp\/v2\/media?parent=228"}],"wp:term":[{"taxonomy":"category","embeddable":true,"href":"https:\/\/www.imot.ch\/wordpress\/wp-json\/wp\/v2\/categories?post=228"},{"taxonomy":"post_tag","embeddable":true,"href":"https:\/\/www.imot.ch\/wordpress\/wp-json\/wp\/v2\/tags?post=228"}],"curies":[{"name":"wp","href":"https:\/\/api.w.org\/{rel}","templated":true}]}}