{"id":250,"date":"2007-04-04T11:23:13","date_gmt":"2007-04-04T09:23:13","guid":{"rendered":"http:\/\/www.imot.ch\/wordpress\/2007\/04\/04\/bericht-vom-freeheel-fest-in-livigno"},"modified":"2007-04-04T11:23:13","modified_gmt":"2007-04-04T09:23:13","slug":"bericht-vom-freeheel-fest-in-livigno","status":"publish","type":"post","link":"https:\/\/www.imot.ch\/wordpress\/2007\/04\/04\/bericht-vom-freeheel-fest-in-livigno\/","title":{"rendered":"Bericht vom Freeheel-Fest in Livigno"},"content":{"rendered":"<p>Endlich ist es geschafft. Der Bericht von Livigno ist getippt. Hab mir diesmal etwas besonderes einfallen lassen. Mehr dazu sp\u00e4ter. Zuerst gibts was zu lesen und ein paar Bildchen zum angucken weiter unten und hier als <a href=\"https:\/\/www.imot.ch\/wordpress\/galerie\/?file=Skitouren\/2007\/Freeheel_Fest_2007\/\">Galerie<\/a>.<br \/>\n<!--more--><br \/>\nEs ist Ehrensache f\u00fcr einen Telemarker einmal im Leben an der La Skieda in Livigno dabei zu sein. Manchmal vielleicht etwas schwierig wegen der Sprachbarriere. Aber ein Telemark-Festival das man nicht verpassen sollte. In diesem Jahr habe ich es endlich geschafft und verbrachte acht unvergessliche Tage am <a href=\"http:\/\/www.livignofreeheel.it\/pages\/home.php\">Freeheel-Fest 2007<\/a>.<\/p>\n<p><strong>Samstag<\/strong><br \/>\nDie Anreise \u00fcber den Vereina-Autoverlad verlief sehr gem\u00fctlich. Nur die Kosten von CHF 50.&#8211; f\u00fcr ein Wohnmobil halte ich doch f\u00fcr ziemlich \u00fcberrissen. Beim Goppenstein im Wallis hatte ich damals nur CHF 20.&#8211; bezahlen m\u00fcssen. Wahrscheinlich muss der Vereina eben noch amortisiert werden. Vor dem <a title=\"Munt la Schera\" href=\"\/wordpress\/wp-content\/images\/fhl\/CIMG1726.JPG\" rel=\"lightbox\">Tunnel<\/a> &#8211; nochmals EUR 12.&#8211; &#8211; nach Livigno musste ich mich noch etwas gedulden, denn die Autos stauten sich davor. <span style=\"FLOAT: right; MARGIN: 10px\"><a title=\"Schlafplatz\" href=\"\/wordpress\/wp-content\/images\/fhl\/CIMG1592.jpg\" rel=\"lightbox\"><img decoding=\"async\" alt=\"\" src=\"https:\/\/www.imot.ch\/wordpress\/wp-content\/images\/fhl\/CIMG1592.jpg\" width=\"200\" \/><\/a><\/span>Gegen 16:00 Uhr traf ich dann auf dem Campingplatz Aqua Fresca ein. Eigentlich sollte hier schon ein Freund mit seinem Bus sein. War er aber nicht. Irgendwie gefiel es mir hier auch nicht, denn der Platz war ein ganzes St\u00fcck ausserhalb des Dorfes. So fuhr ich kurzerhand zur\u00fcck zum Plaza Placheda, dem Festival-Office und da stand dann auch schon der Bus von Chris. Der Platz war ideal. Nahe zum Zentrum, direkt an der Skipiste und noch dazu Eben wie ein Billardtisch.<br \/>\nZusammen gingen wir noch zum Welcome-Apero und schlugen uns den Bauch mit leckerem Parmigiano voll und schauten uns die St\u00e4nde der Aussteller an.<br \/>\n<\/p>\n<div style=\"FLOAT: left; MARGIN: 5px\"><a title=\"Aussteller\" href=\"\/wordpress\/wp-content\/images\/fhl\/CIMG4924.jpg\" rel=\"lightbox[plaza]\"><img decoding=\"async\" alt=\"Aussteller\" src=\"https:\/\/www.imot.ch\/wordpress\/wp-content\/images\/fhl\/CIMG4924.jpg\" width=\"80\" \/><\/a><\/div>\n<p><\/p>\n<div style=\"FLOAT: left; MARGIN: 5px\"><a title=\"Aussteller 2\" href=\"\/wordpress\/wp-content\/images\/fhl\/CIMG4926.jpg\" rel=\"lightbox[plaza]\"><img decoding=\"async\" alt=\"Aussteller 2\" src=\"https:\/\/www.imot.ch\/wordpress\/wp-content\/images\/fhl\/CIMG4926.jpg\" width=\"80\" \/><\/a><\/div>\n<p><\/p>\n<div style=\"FLOAT: left; MARGIN: 5px\"><a title=\"Parmigiano\" href=\"\/wordpress\/wp-content\/images\/fhl\/CIMG4930.jpg\" rel=\"lightbox[plaza]\"><img decoding=\"async\" alt=\"Parmigiano\" src=\"https:\/\/www.imot.ch\/wordpress\/wp-content\/images\/fhl\/CIMG4930.jpg\" width=\"80\" \/><\/a><\/div>\n<p><\/p>\n<div style=\"FLOAT: left; MARGIN: 5px\"><a title=\"kritische Blicke\" href=\"\/wordpress\/wp-content\/images\/fhl\/CIMG4931.jpg\" rel=\"lightbox[plaza]\"><img decoding=\"async\" alt=\"kritische Blicke\" src=\"https:\/\/www.imot.ch\/wordpress\/wp-content\/images\/fhl\/CIMG4931.jpg\" width=\"80\" \/><\/a><\/div>\n<p><\/p>\n<div style=\"CLEAR: both\"><\/div>\n<p>\n<strong>Sonntag<\/strong><br \/>\nIn der vergangen Nacht wurden die Uhren um eine Stunde nach vorne gestellt; Sommerzeit bedingt. Der Wecker von Chris hat das leider nicht mitbekommen. Aber wer gut organisiert ist, braucht nicht lange um seine Sachen zu packen. \ud83d\ude42<br \/>\nHeute stand die erste gef\u00fchrte Skitour auf dem Programm. Das ist das sch\u00f6ne an diesen Festivals. F\u00fcr einen geringen Betrag hast du jeden Tag die M\u00f6glichkeit auf eine professionell gef\u00fchrte Skitour zu gehen.<br \/>\nKlar das wir diese Chancen nutzten. So standen wir um 9:00 Uhr an der Talstation der <a href=\"http:\/\/www.carosello3000.it\/ita\/index_new.cfm\">Carosello 3000<\/a> Seilbahn. Zuerst aber gings mal nach oben zum Kaffee. In Italien nimmt man es eben ein bisschen gem\u00fctlicher; selbst auf Skitouren. Es war dann auch eine ziemlich gem\u00fctliche Tour. Nicht unbedingt vom Tempo her, denn das war sehr hoch. Aber die Anstiege waren daf\u00fcr kurz und die Abfahrt sch\u00f6n lang. Mit dem Bus gings zur\u00fcck ins Skigebiet und auf die Piste.<br \/>\n<\/p>\n<div style=\"FLOAT: left; MARGIN: 5px\"><a title=\"\" href=\"\/wordpress\/wp-content\/images\/fhl\/CIMG1593.jpg\" rel=\"lightbox[tour]\"><img decoding=\"async\" alt=\"\" src=\"https:\/\/www.imot.ch\/wordpress\/wp-content\/images\/fhl\/CIMG1593.jpg\" width=\"80\" \/><\/a><\/div>\n<p><\/p>\n<div style=\"FLOAT: left; MARGIN: 5px\"><a title=\"2\" href=\"\/wordpress\/wp-content\/images\/fhl\/CIMG1595.jpg\" rel=\"lightbox[tour]\"><img decoding=\"async\" alt=\"2\" src=\"https:\/\/www.imot.ch\/wordpress\/wp-content\/images\/fhl\/CIMG1595.jpg\" width=\"80\" \/><\/a><\/div>\n<p><\/p>\n<div style=\"FLOAT: left; MARGIN: 5px\"><a title=\"\" href=\"\/wordpress\/wp-content\/images\/fhl\/CIMG1596.jpg\" rel=\"lightbox[tour]\"><img decoding=\"async\" alt=\"\" src=\"https:\/\/www.imot.ch\/wordpress\/wp-content\/images\/fhl\/CIMG1596.jpg\" width=\"80\" \/><\/a><\/div>\n<div style=\"FLOAT: left; MARGIN: 5px\"><a title=\"\" href=\"\/wordpress\/wp-content\/images\/fhl\/CIMG4938.jpg\" rel=\"lightbox[tour]\"><img decoding=\"async\" alt=\"\" src=\"https:\/\/www.imot.ch\/wordpress\/wp-content\/images\/fhl\/CIMG4938.jpg\" width=\"80\" \/><\/a><\/div>\n<div style=\"FLOAT: left; MARGIN: 5px\"><a title=\"\" href=\"\/wordpress\/wp-content\/images\/fhl\/CIMG1601.jpg\" rel=\"lightbox[tour]\"><img decoding=\"async\" alt=\"\" src=\"https:\/\/www.imot.ch\/wordpress\/wp-content\/images\/fhl\/CIMG1601.jpg\" width=\"80\" \/><\/a><\/div>\n<div style=\"CLEAR: both\"><\/div>\n<p>\nGegen 15:00 Uhr fuhren wir dann zur Party beim Tea de Borch. Dort gabs Pasta for free und Live-Music. Echt gem\u00fctlich mit vielen bekannten Gesichtern von anderen Festivals. Auch meine Freunde vom <a href=\"http:\/\/www.telemark-toggenburg.ch\/\">Telemark-Toggenburg<\/a> habe ich da getroffen.<br \/>\nAm Abend gabs nach einer erfolglosen Suche nach einem bestimmten Pub, die Pizza halt in einem anderen. Immerhin hatten die Guinnes. M\u00fcde von der Tour und dem ganzen Tag gings fr\u00fch ins Bett.<\/p>\n<p><strong>Montag<\/strong><br \/>\nEs war der letzte Tag von Chris. An dieser Stelle: eine Schweigeminute f\u00fcr alle die arbeitshalber nicht nach Livigno fahren konnten&#8230;&#8230;..<br \/>\nAuf der Tour am Vortag haben wir Andreas kennen gelernt. Mit ihm und seinen Freunden vom <a href=\"http:\/\/www.telemark-oberharz.de\/\">Telemark-Oberharz<\/a> entschieden wir uns f\u00fcr&#8217;s Off-Piste fahren am Mottolino und gegen die gef\u00fchrte Tour.<br \/>\n<span style=\"FLOAT: left; MARGIN: 10px\"><a title=\"Sessellift\" href=\"\/wordpress\/wp-content\/images\/fhl\/CIMG4981.jpg\" rel=\"lightbox\"><img decoding=\"async\" alt=\"\" src=\"https:\/\/www.imot.ch\/wordpress\/wp-content\/images\/fhl\/CIMG4981.jpg\" width=\"200\" \/><\/a><\/span>Mit der Mottolino-Bahn und einem unendlich langen, langsamen Sessellift auf den Monte della Neve. Unterhalb diesem querten wir in die H\u00e4nge hinein und zogen erstmal unsere Spuren im mehr oder weniger frischen Powder. Steine hatte es aber auch immer mal wieder. Trotzdem genossen wir ein paar Runs ehe wir Chris nicht mehr von seinem Vorhaben abhalten konnten. Er hatte am Vortag ein Couloir gesehen, das er vor seiner Heimreise unbedingt noch fahren wollte. Wir querten also noch weiter nach links und entdeckten ein paar wundersch\u00f6ne H\u00e4nge. Bei der Waldgrenze entschieden wir uns dann leider f\u00fcr den falschen Weg. Das Couloir welches wir suchten, konnten wir von unserem Standpunkt gar nicht erreichen. So mussten wir uns den schmalen Bach hinunter k\u00e4mpfen mit den Skis zwischenzeitlich auf dem Rucksack. Ein unvergessliches Abenteuer, was so richtig hungrig auf BBQ machte.<br \/>\n<\/p>\n<div style=\"FLOAT: left; MARGIN: 5px\"><a title=\"\" href=\"\/wordpress\/wp-content\/images\/fhl\/CIMG4994.jpg\" rel=\"lightbox[wald]\"><img decoding=\"async\" alt=\"\" src=\"https:\/\/www.imot.ch\/wordpress\/wp-content\/images\/fhl\/CIMG4994.jpg\" width=\"80\" \/><\/a><\/div>\n<p><\/p>\n<div style=\"FLOAT: left; MARGIN: 5px\"><a title=\"\" href=\"\/wordpress\/wp-content\/images\/fhl\/CIMG4997.jpg\" rel=\"lightbox[wald]\"><img decoding=\"async\" alt=\"\" src=\"https:\/\/www.imot.ch\/wordpress\/wp-content\/images\/fhl\/CIMG4997.jpg\" width=\"80\" \/><\/a><\/div>\n<p><\/p>\n<div style=\"FLOAT: left; MARGIN: 5px\"><a title=\"\" href=\"\/wordpress\/wp-content\/images\/fhl\/CIMG4995.jpg\" rel=\"lightbox[wald]\"><img decoding=\"async\" alt=\"\" src=\"https:\/\/www.imot.ch\/wordpress\/wp-content\/images\/fhl\/CIMG4995.jpg\" width=\"80\" \/><\/a><\/div>\n<p><\/p>\n<div style=\"FLOAT: left; MARGIN: 5px\"><a title=\"\" href=\"\/wordpress\/wp-content\/images\/fhl\/CIMG1616.JPG\" rel=\"lightbox[wald]\"><img decoding=\"async\" alt=\"\" src=\"https:\/\/www.imot.ch\/wordpress\/wp-content\/images\/fhl\/CIMG1616.JPG\" width=\"80\" \/><\/a><\/div>\n<p><\/p>\n<div style=\"FLOAT: left; MARGIN: 5px\"><a title=\"\" href=\"\/wordpress\/wp-content\/images\/fhl\/CIMG5001.jpg\" rel=\"lightbox[wald]\"><img decoding=\"async\" alt=\"\" src=\"https:\/\/www.imot.ch\/wordpress\/wp-content\/images\/fhl\/CIMG5001.jpg\" width=\"80\" \/><\/a><\/div>\n<div style=\"CLEAR: both\"><\/div>\n<p>\nMit dem Bus zur\u00fcck zur Mottolino-Talstation und dort konnten wir ja nicht einfach so am Tea del Vidal vorbei. Noch eine St\u00e4rkung zu uns nehmend, stiess Ian &#8222;The Master of different flavor of snuff&#8220; aus Wales dazu. Alle zusammen machten wir uns auf zur Trepallina-Party. Wieder ein feuchtfr\u00f6hlicher Anlass mit Live-Music, BBQ und jede Menge guter Stimmung. Es wird gemunkelt, dass einige noch lange oben auf dem Passo d&#8217;Eira den Sonnenuntergang bestaunt haben. Oder haben sie doch was anderes gemacht? \ud83d\ude42<br \/>\n<\/p>\n<div style=\"FLOAT: left; MARGIN: 5px\"><a title=\"\" href=\"\/wordpress\/wp-content\/images\/fhl\/CIMG1620.JPG\" rel=\"lightbox[trepallina]\"><img decoding=\"async\" alt=\"\" src=\"https:\/\/www.imot.ch\/wordpress\/wp-content\/images\/fhl\/CIMG1620.JPG\" width=\"80\" \/><\/a><\/div>\n<p><\/p>\n<div style=\"FLOAT: left; MARGIN: 5px\"><a title=\"\" href=\"\/wordpress\/wp-content\/images\/fhl\/CIMG1623.JPG\" rel=\"lightbox[trepallina]\"><img decoding=\"async\" alt=\"\" src=\"https:\/\/www.imot.ch\/wordpress\/wp-content\/images\/fhl\/CIMG1623.JPG\" width=\"80\" \/><\/a><\/div>\n<p><\/p>\n<div style=\"FLOAT: left; MARGIN: 5px\"><a title=\"\" href=\"\/wordpress\/wp-content\/images\/fhl\/CIMG1628.JPG\" rel=\"lightbox[trepallina]\"><img decoding=\"async\" alt=\"\" src=\"https:\/\/www.imot.ch\/wordpress\/wp-content\/images\/fhl\/CIMG1628.JPG\" width=\"80\" \/><\/a><\/div>\n<p><\/p>\n<div style=\"FLOAT: left; MARGIN: 5px\"><a title=\"\" href=\"\/wordpress\/wp-content\/images\/fhl\/CIMG1632.JPG\" rel=\"lightbox[trepallina]\"><img decoding=\"async\" alt=\"\" src=\"https:\/\/www.imot.ch\/wordpress\/wp-content\/images\/fhl\/CIMG1632.JPG\" width=\"80\" \/><\/a><\/div>\n<p><\/p>\n<div style=\"FLOAT: left; MARGIN: 5px\"><a title=\"\" href=\"\/wordpress\/wp-content\/images\/fhl\/CIMG1633.JPG\" rel=\"lightbox[trepallina]\"><img decoding=\"async\" alt=\"\" src=\"https:\/\/www.imot.ch\/wordpress\/wp-content\/images\/fhl\/CIMG1633.JPG\" width=\"80\" \/><\/a><\/div>\n<div style=\"CLEAR: both\"><\/div>\n<p><\/p>\n<p><strong>Dienstag<\/strong><br \/>\nUm 9:00 Uhr Andreas an der Talstation der Carosello-Bahn getroffen. Wir haben uns vorgenommen noch einmal eine gef\u00fchrte Tour mit zu gehen. <span style=\"FLOAT: right; MARGIN: 10px\"><a title=\"Klettern\" href=\"\/wordpress\/wp-content\/images\/fhl\/CIMG1636.JPG\" rel=\"lightbox\"><img decoding=\"async\" alt=\"\" src=\"https:\/\/www.imot.ch\/wordpress\/wp-content\/images\/fhl\/CIMG1636.JPG\" width=\"200\" \/><\/a><\/span>Zum Gl\u00fcck war mir das Ziel nicht von Anfang an genau bekannt. Ich w\u00e4re wahrscheinlich nicht hoch gekommen. Wieder mit einem f\u00fcr mich viel zu hohen Tempo gestartet und die erste Pause erst nach knapp zwei Stunden. So etwas bin ich mir nicht gewohnt und war daher auch schon ziemlich ausgepowert, als wir endlich nach 3h und 1200hm oben auf dem Gipfel des Monte Cotschen auf 3103m.\u00fc.M waren. Zum Gl\u00fcck konnte ich mich schnell erholen und war bereit f\u00fcr die bevorstehende Abfahrt. Gleich zu Beginn wurde es ziemlich steil aber der Powder der da lag, war ein Traum. Es gab Platz f\u00fcr alle und wir genossen die Abfahrt. Weiter unten wurde der Schnee dann aber schwer und nass, was ein genussvolles Fahren nur schwer m\u00f6glich machte. Nach einem kurzen Gegenanstieg waren wir wieder zur\u00fcck im Skigebiet beim Sessellift.<br \/>\nNach einer Lasagne im Bergrestaurant entschloss ich mich fr\u00fcher ins Tal zu gehen, denn ich war so geschafft von der Tour. Das kam aber gerade gut, wollte ich doch sowieso Zwecks Strom und Wasser f\u00fcr zwei N\u00e4chte auf einen Campingplatz. Vorher mussten aber noch zwei Schrauben bei meiner Bindung angezogen werden. Das erledigte ein Sportgesch\u00e4ft gleich in der N\u00e4he.<br \/>\n<span style=\"FLOAT: right; MARGIN: 10px\"><a title=\"Camping\" href=\"\/wordpress\/wp-content\/images\/fhl\/CIMG1648.JPG\" rel=\"lightbox\"><img decoding=\"async\" alt=\"\" src=\"https:\/\/www.imot.ch\/wordpress\/wp-content\/images\/fhl\/CIMG1648.JPG\" width=\"200\" \/><\/a><\/span>Der Campingplatz war schnell gefunden, war ja am Samstag schon mal da. Den Strom angeschlossen, Handy und Digicam in der Ladestation, g\u00f6hnte ich mir eine heisse Dusche. Lange Zeit hatte ich nicht, gings doch schon um 19:00 Uhr weiter. Heute stand n\u00e4mlich das Mountain-Dinner auf dem Programm. Mit der Seilbahn schwebten wir hoch zum Bergrestaurant Carosello. Dort wurden wir mit einem Apero, einem vorz\u00fcglichen Nachtessen und Live-Music bis sp\u00e4t in die Nacht verw\u00f6hnt.<\/p>\n<p><strong>Mittwoch<\/strong><br \/>\nDas erste mal ein wenig ausgeschlafen. Um 10:00 Uhr mit Niklaas und Susanna aus Finnland hoch zum Carosello gefahren. Von Niklaas und seinem nordischen Fahrstil konnte ich viel profitieren. Jetzt krieg ich endlich gen\u00fcgend Kantendruck auf vereister Piste hin. Genau das ist das sch\u00f6ne an diesen Telemark-Festivals, niemand ist sich zu schade, etwas zu zeigen. Im Gegenteil. Erfahrungen und Tipps werden gerne und mit Freude ausgetauscht.<br \/>\nVon Niklaas verabschiedete ich mich gegen Mittag und wechselte zum anderen Skigebiet, wo ich meine Freunde vom Telemark-Toggenburg traf. Zusammen machten wir noch ein paar Off-Piste Runs. Um 16:00 Uhr hatten wir genug und ich fuhr zur\u00fcck auf den Campingplatz.<br \/>\nNach einer wohltuenden Dusche nahm ich den Linien-Bus r\u00fcber zum Tea del Vidal. Dort sassen meine Freunde vom Telemark-Oberharz; immer noch mit Skischuhen. Zusammen tranken wir ein Bier und versprachen uns, uns n\u00e4chstes Jahr wieder zu sehen. Denn wie schon f\u00fcr Chris ist auch f\u00fcr sie heute der letzte Abend gekommen. Beim grandiosen Festa del Fuoco und anschliessend im Marco&#8217;s Pub hatten sie aber gen\u00fcgend Zeit, diesen Umstand geb\u00fchrend zu feiern. Irgendwann gegen 4:00 Uhr war ich dann auch im WoMo und kroch ins Bett.<br \/>\n<\/p>\n<div style=\"FLOAT: left; MARGIN: 5px\"><a title=\"\" href=\"\/wordpress\/wp-content\/images\/fhl\/CIMG1670.JPG\" rel=\"lightbox[fuoco]\"><img decoding=\"async\" alt=\"\" src=\"https:\/\/www.imot.ch\/wordpress\/wp-content\/images\/fhl\/CIMG1670.JPG\" width=\"80\" \/><\/a><\/div>\n<p><\/p>\n<div style=\"FLOAT: left; MARGIN: 5px\"><a title=\"\" href=\"\/wordpress\/wp-content\/images\/fhl\/CIMG1673.JPG\" rel=\"lightbox[fuoco]\"><img decoding=\"async\" alt=\"\" src=\"https:\/\/www.imot.ch\/wordpress\/wp-content\/images\/fhl\/CIMG1673.JPG\" width=\"80\" \/><\/a><\/div>\n<p><\/p>\n<div style=\"FLOAT: left; MARGIN: 5px\"><a title=\"\" href=\"\/wordpress\/wp-content\/images\/fhl\/CIMG1677.JPG\" rel=\"lightbox[fuoco]\"><img decoding=\"async\" alt=\"\" src=\"https:\/\/www.imot.ch\/wordpress\/wp-content\/images\/fhl\/CIMG1677.JPG\" width=\"80\" \/><\/a><\/div>\n<p><\/p>\n<div style=\"FLOAT: left; MARGIN: 5px\"><a title=\"\" href=\"\/wordpress\/wp-content\/images\/fhl\/CIMG1703.JPG\" rel=\"lightbox[fuoco]\"><img decoding=\"async\" alt=\"\" src=\"https:\/\/www.imot.ch\/wordpress\/wp-content\/images\/fhl\/CIMG1703.JPG\" width=\"80\" \/><\/a><\/div>\n<div style=\"CLEAR: both\"><\/div>\n<p><\/p>\n<p><strong>Donnerstag<\/strong><br \/>\nSo richtig ausgeschlafen und wieder meinen &#8222;alten&#8220; Schlafplatz beim Plaza Placheda bezogen. Bei herrlichem Sonnenschein habe ich erstmal in aller Ruhe gefr\u00fchst\u00fcckt und bin dann erst um 12:30 Uhr auf die Piste.<br \/>\n<span style=\"FLOAT: left; MARGIN: 10px\"><a title=\"Fotograf\" href=\"\/wordpress\/wp-content\/images\/fhl\/CIMG1714.JPG\" rel=\"lightbox\"><img decoding=\"async\" alt=\"\" src=\"https:\/\/www.imot.ch\/wordpress\/wp-content\/images\/fhl\/CIMG1714.JPG\" width=\"200\" \/><\/a><\/span>Oben auf dem Carosello traf ich meine Freunde vom Telemark-Toggenburg und Simon und Andy vom <a title=\"Telemarkshop\" href=\"http:\/\/www.telemarkshop.ch\">Telemarkshop.ch<\/a>. Sie waren mit einem s\u00fcdkoreanischen Fotografen eines Mountain-Magazins beim Fotoshooting besch\u00e4ftigt. Wir verbrachten den ganzen Nachmittag mit dem Fotografen und er schoss ein Bild nach dem anderen. Hoffentlich sehen wir die Bilder dann irgendwo mal. \ud83d\ude42<br \/>\nMit grossem Hunger gingen Christian und ich noch auf Weinsuche. Wir wollten einen speziellen Wein f\u00fcr das bevorstehende Abendessen. Freundlicherweise haben mich Christian, Toby, Annina, Sabine und Walter zum Essen eingeladen. Es gab Pizoggel, selbstgemacht von Christian.<br \/>\nSo verbrachten wir einen lustigen Abend und um kurz nach Mitternacht war ich wieder beim Plaza Placheda und ging schlafen.<\/p>\n<p><strong>Freitag<\/strong><br \/>\nHeute morgen gabs ein kaltes Erwachen. Mein Gasvorrat lief schon seit zwei Tagen auf der Reserveflasche und ich dachte, dass er bis Samstag reichen w\u00fcrde. Falsch gedacht, mein Gasvorrat war aufgebraucht. Doof, denn in Italien benutzen sie andere Gasflaschen und nehmen auch keine Schweizer-Flaschen zur\u00fcck. Auf dem Campingplatz konnte ich aber gl\u00fccklicherweise eine leihweise f\u00fcr die letzte Nacht kaufen.<br \/>\nGasproblem gel\u00f6st. Jetzt konnte es endlich auf die Piste gehen. Zum Mittagessen habe ich mit Freunden auf dem Mottolino abgemacht. Zuerst wollte ich aber noch einmal alle Lifte auf dem Carosello fahren. Gesagt getan, ganz hoch zur Bergstation und von dort konnte ich ihm Zick-Zack runter ins Dorfzentrum fahren. Kurzer Fussmarsch r\u00fcber zur Motollino-Bahn und hoch in Restaurant. Hab mir dann erstmal einen Kaffee geg\u00f6hnt und bin dann noch ein wenig auf der Buckelpiste rum geh\u00fcpft. Bald darauf traf ich meine Freunde und gemeinsam gingen wir was essen.<br \/>\n<span style=\"FLOAT: left; MARGIN: 10px\"><a title=\"Walzertanz\" href=\"\/wordpress\/wp-content\/images\/fhl\/CIMG1717.JPG\" rel=\"lightbox\"><img decoding=\"async\" alt=\"\" src=\"https:\/\/www.imot.ch\/wordpress\/wp-content\/images\/fhl\/CIMG1717.JPG\" width=\"200\" \/><\/a><\/span>Nach dem Essen war das Walzer-Rennen angesagt. Ein witziges Rennen, bei dem ein Paar den Hang elegant hinunter schwingt, im Ausfallschritt k\u00fcsst, im Ausfallschritt trinkt, im Ausfallschritt unter der Limbostange durch tanzt und im Ausfallschritt den Ton angibt.<br \/>\nZum Abschluss hatten mich Walter und Sabine noch auf einen Kaffee eingeladen. Mit ihnen ging ich am Abend in eine Pizzeria, die auch selber Bier braut. Schade war nur, dass sie nur noch eine Sorte Bier im Angebot hatten. Fand ich etwas schwach. Daf\u00fcr war das Essen sehr gut und wie gewohnt g\u00fcnstig.<br \/>\nEndlich mal wieder fr\u00fch im Bett.<\/p>\n<p><strong>Samstag<\/strong><br \/>\nDer Tag wird kommen da musst du gehen. F\u00fcr mich ist er heute gekommen. Nach dem Fr\u00fchst\u00fcck verstaute ich alle sieben Sachen im WoMo, brachte meinen Skipass und die Gasflasche zur\u00fcck und tankte meinen Dieseltank im Zollfreien Livigno voll. <span style=\"FLOAT: right; MARGIN: 10px\"><a title=\"Stau\" href=\"\/wordpress\/wp-content\/images\/fhl\/CIMG1724.JPG\" rel=\"lightbox\"><img decoding=\"async\" alt=\"\" src=\"https:\/\/www.imot.ch\/wordpress\/wp-content\/images\/fhl\/CIMG1724.JPG\" width=\"200\" \/><\/a><\/span>Ziemlich genau um 9:30 Uhr fuhr ich los entlang dem Stausee und dachte, dass ich sicher gut durchkomme. Falsch gedacht. Ich brauchte f\u00fcr die ersten 16km geschlagene zwei Stunden. Zum Gl\u00fcck reise ich in einem Wohnmobil. Da kann man sich auch mal nach hinten setzen und ein Getr\u00e4nk aus dem K\u00fchlschrank zu sich nehmen.<\/p>\n<p>Nach dem Tunnel und dem Zoll verliefs eigentlich gut. Kurze Wartezeit hatte ich noch beim Vereina aber ab da gings fl\u00fcssig vorw\u00e4rts. So war ich am sp\u00e4ten Nachmittag, 92 Liedern aus meinem Ipod sp\u00e4ter, wieder zu Hause.<\/p>\n<p>Ein bisschen wehm\u00fctig schaue ich zur\u00fcck auf diese acht unvergesslichen Tage in denen ich viele nette Menschen kennen lernen durfte, tolle Erlebnisse hatte und mich befriedigend erholt habe. Bye bye Freeheel-Fest bis zum n\u00e4chsten Jahr.<\/p>\n<p>Hier noch das zu Beginn Versprochene. Weil ich mir gerne ein gesamthaftes Bild von Allem mache, bastelte ich mir eine <a title=\"Foto Map\" href=\"\/wordpress\/wp-content\/mov\/foto_map.swf\">Foto-Landkarte<\/a>. Die Karte erfordert einen Browser mit dem <a title=\"Flash-Plugin\" href=\"http:\/\/www.adobe.com\/shockwave\/download\/?P1_Prod_Version=ShockwaveFlash&#038;Lang=German\">Flash-Plugin<\/a>. Ich hoffe sie gef\u00e4llt euch auch so wie mir. \ud83d\ude42<\/p>\n<p>Vielen Dank an Chris f\u00fcr die Fotos.<\/p>\n","protected":false},"excerpt":{"rendered":"<p>Endlich ist es geschafft. Der Bericht von Livigno ist getippt. Hab mir diesmal etwas besonderes einfallen lassen. Mehr dazu sp\u00e4ter. Zuerst gibts was zu lesen und ein paar Bildchen zum angucken weiter unten und hier als Galerie.<\/p>\n","protected":false},"author":1,"featured_media":0,"comment_status":"open","ping_status":"open","sticky":false,"template":"","format":"standard","meta":{"footnotes":""},"categories":[8],"tags":[49,69,97,102,142,111],"class_list":["post-250","post","type-post","status-publish","format-standard","hentry","category-sport","tag-ferien","tag-menschen","tag-schnee","tag-skitour","tag-sport","tag-telemark"],"_links":{"self":[{"href":"https:\/\/www.imot.ch\/wordpress\/wp-json\/wp\/v2\/posts\/250","targetHints":{"allow":["GET"]}}],"collection":[{"href":"https:\/\/www.imot.ch\/wordpress\/wp-json\/wp\/v2\/posts"}],"about":[{"href":"https:\/\/www.imot.ch\/wordpress\/wp-json\/wp\/v2\/types\/post"}],"author":[{"embeddable":true,"href":"https:\/\/www.imot.ch\/wordpress\/wp-json\/wp\/v2\/users\/1"}],"replies":[{"embeddable":true,"href":"https:\/\/www.imot.ch\/wordpress\/wp-json\/wp\/v2\/comments?post=250"}],"version-history":[{"count":0,"href":"https:\/\/www.imot.ch\/wordpress\/wp-json\/wp\/v2\/posts\/250\/revisions"}],"wp:attachment":[{"href":"https:\/\/www.imot.ch\/wordpress\/wp-json\/wp\/v2\/media?parent=250"}],"wp:term":[{"taxonomy":"category","embeddable":true,"href":"https:\/\/www.imot.ch\/wordpress\/wp-json\/wp\/v2\/categories?post=250"},{"taxonomy":"post_tag","embeddable":true,"href":"https:\/\/www.imot.ch\/wordpress\/wp-json\/wp\/v2\/tags?post=250"}],"curies":[{"name":"wp","href":"https:\/\/api.w.org\/{rel}","templated":true}]}}