{"id":281,"date":"2007-10-09T16:50:00","date_gmt":"2007-10-09T12:50:00","guid":{"rendered":"http:\/\/www.imot.ch\/wordpress\/2007\/10\/09\/gedenken-an-ernesto-che-guevara"},"modified":"2007-10-09T16:50:00","modified_gmt":"2007-10-09T12:50:00","slug":"gedenken-an-ernesto-che-guevara","status":"publish","type":"post","link":"https:\/\/www.imot.ch\/wordpress\/2007\/10\/09\/gedenken-an-ernesto-che-guevara\/","title":{"rendered":"Gedenken an Ernesto Che Guevara"},"content":{"rendered":"<p>Heute vor 40 Jahren wurde der kubanische Revolution\u00e4r und Freiheitsk\u00e4mpfer <a href=\"http:\/\/de.wikipedia.org\/wiki\/Ernesto_Che_Guevara\" target=\"_blank\">Ernesto Rafael Guevara de la Serna<\/a> von einem betrunkenen Kubaner, im Auftrag des CIA in La Higuera, Bolivien ermordet. Seit gestern finden in verschiedenen Regionen Lateinamerikas Gedenkfeiern statt. Ein Grund heute abend wieder einmal den Film &#8222;Diarios de motocicleta&#8220; \u00fcber seine erste S\u00fcdamerika-Reise zu schauen. Auf dieser Reise traf er auf die soziale Not der armen Bauern, welche ihn zu tiefst ersch\u00fctterte. Darum entschied er sich sp\u00e4ter f\u00fcr ein Medizinstudium.<br \/>\nChe setzte sich bis zur Selbstaufopferung f\u00fcr eine gerechtere Welt ein. Zeit seines kurzen Lebens blieb er dem Ideal treu, sich nicht durch pers\u00f6nliche Vorteile vom Ideal einer egalit\u00e4ren Gesellschaft abbringen zu lassen.<\/p>\n<p><a href=\"http:\/\/youtube.com\/watch?v=SynVFM_6ezk\">Hasta la victoria siempre!<\/a> (video)<\/p>\n","protected":false},"excerpt":{"rendered":"<p>Heute vor 40 Jahren wurde der kubanische Revolution\u00e4r und Freiheitsk\u00e4mpfer Ernesto Rafael Guevara de la Serna von einem betrunkenen Kubaner, im Auftrag des CIA in La Higuera, Bolivien ermordet. Seit gestern finden in verschiedenen Regionen Lateinamerikas Gedenkfeiern statt. Ein Grund &hellip; <a href=\"https:\/\/www.imot.ch\/wordpress\/2007\/10\/09\/gedenken-an-ernesto-che-guevara\/\">Weiterlesen <span class=\"meta-nav\">&rarr;<\/span><\/a><\/p>\n","protected":false},"author":1,"featured_media":0,"comment_status":"open","ping_status":"open","sticky":false,"template":"","format":"standard","meta":{"footnotes":""},"categories":[10],"tags":[31,40,87,88,89,94,121],"class_list":["post-281","post","type-post","status-publish","format-standard","hentry","category-the-crowd","tag-che","tag-cuba","tag-politic","tag-politics","tag-politik","tag-revolution","tag-usa"],"_links":{"self":[{"href":"https:\/\/www.imot.ch\/wordpress\/wp-json\/wp\/v2\/posts\/281","targetHints":{"allow":["GET"]}}],"collection":[{"href":"https:\/\/www.imot.ch\/wordpress\/wp-json\/wp\/v2\/posts"}],"about":[{"href":"https:\/\/www.imot.ch\/wordpress\/wp-json\/wp\/v2\/types\/post"}],"author":[{"embeddable":true,"href":"https:\/\/www.imot.ch\/wordpress\/wp-json\/wp\/v2\/users\/1"}],"replies":[{"embeddable":true,"href":"https:\/\/www.imot.ch\/wordpress\/wp-json\/wp\/v2\/comments?post=281"}],"version-history":[{"count":0,"href":"https:\/\/www.imot.ch\/wordpress\/wp-json\/wp\/v2\/posts\/281\/revisions"}],"wp:attachment":[{"href":"https:\/\/www.imot.ch\/wordpress\/wp-json\/wp\/v2\/media?parent=281"}],"wp:term":[{"taxonomy":"category","embeddable":true,"href":"https:\/\/www.imot.ch\/wordpress\/wp-json\/wp\/v2\/categories?post=281"},{"taxonomy":"post_tag","embeddable":true,"href":"https:\/\/www.imot.ch\/wordpress\/wp-json\/wp\/v2\/tags?post=281"}],"curies":[{"name":"wp","href":"https:\/\/api.w.org\/{rel}","templated":true}]}}