{"id":290,"date":"2007-11-15T11:12:00","date_gmt":"2007-11-15T10:12:00","guid":{"rendered":"http:\/\/www.imot.ch\/wordpress\/2007\/11\/15\/start-in-die-skisaison-2007"},"modified":"2007-11-15T11:12:00","modified_gmt":"2007-11-15T10:12:00","slug":"start-in-die-skisaison-2007","status":"publish","type":"post","link":"https:\/\/www.imot.ch\/wordpress\/2007\/11\/15\/start-in-die-skisaison-2007\/","title":{"rendered":"Start in die Skisaison 2007"},"content":{"rendered":"<p>Wer wie ich schon das kommende <a title=\"Telemark-Opening\" href=\"http:\/\/www.stubaier-telemark-festival.com\/\" target=\"_blank\">Weekend auf den Ski&#8217;s<\/a> verbringen wird, findet beim <a title=\"Liste mit ge\u00f6ffneten Skigebieten\" href=\"http:\/\/www.tagesanzeiger.ch\/dyn\/news\/schweiz\/812817.html\" target=\"_blank\">Tagi eine Liste<\/a> mit den Skigebieten die schon ge\u00f6ffnet sind.<\/p>\n<p>Wer lieber die erste Skitour der Saison wagt, sollte sich beim <a title=\"Schnee- und Lawinenforschungsinstitut Davos\" href=\"http:\/\/www.slf.ch\/\" target=\"_blank\">SLF<\/a> \u00fcber die <a title=\"Lawinensituation\" href=\"http:\/\/www.slf.ch\/avalanche\/avalanche-de.html\" target=\"_blank\">aktuelle Lawinensituation erkundigen<\/a>. Eigentlich f\u00fcr jeden Skitourengeher eine Selbstverst\u00e4ndlichket; leider aber nicht f\u00fcr jeden Variantenfahrer.<br \/>\nEine tolle und lehrreiche Variante seine Lawinenkenntnisse zu testen und zu schulen, bietet die <a title=\"Interaktive Lawinenpr\u00e4vention\" href=\"http:\/\/www.whiterisk.org\/\" target=\"_blank\">CD &#8222;White risk&#8220;<\/a>.<\/p>\n<p>W\u00fcnsche allen Schneesportlern ein sonniges Weekend und vergesst nicht: &#8222;No friends on powder days&#8220;. \ud83d\ude42<\/p>\n","protected":false},"excerpt":{"rendered":"<p>Wer wie ich schon das kommende Weekend auf den Ski&#8217;s verbringen wird, findet beim Tagi eine Liste mit den Skigebieten die schon ge\u00f6ffnet sind. Wer lieber die erste Skitour der Saison wagt, sollte sich beim SLF \u00fcber die aktuelle Lawinensituation &hellip; <a href=\"https:\/\/www.imot.ch\/wordpress\/2007\/11\/15\/start-in-die-skisaison-2007\/\">Weiterlesen <span class=\"meta-nav\">&rarr;<\/span><\/a><\/p>\n","protected":false},"author":1,"featured_media":0,"comment_status":"open","ping_status":"open","sticky":false,"template":"","format":"standard","meta":{"footnotes":""},"categories":[8,10],"tags":[97,101,102,142,111,127],"class_list":["post-290","post","type-post","status-publish","format-standard","hentry","category-sport","category-the-crowd","tag-schnee","tag-ski","tag-skitour","tag-sport","tag-telemark","tag-weekend"],"_links":{"self":[{"href":"https:\/\/www.imot.ch\/wordpress\/wp-json\/wp\/v2\/posts\/290","targetHints":{"allow":["GET"]}}],"collection":[{"href":"https:\/\/www.imot.ch\/wordpress\/wp-json\/wp\/v2\/posts"}],"about":[{"href":"https:\/\/www.imot.ch\/wordpress\/wp-json\/wp\/v2\/types\/post"}],"author":[{"embeddable":true,"href":"https:\/\/www.imot.ch\/wordpress\/wp-json\/wp\/v2\/users\/1"}],"replies":[{"embeddable":true,"href":"https:\/\/www.imot.ch\/wordpress\/wp-json\/wp\/v2\/comments?post=290"}],"version-history":[{"count":0,"href":"https:\/\/www.imot.ch\/wordpress\/wp-json\/wp\/v2\/posts\/290\/revisions"}],"wp:attachment":[{"href":"https:\/\/www.imot.ch\/wordpress\/wp-json\/wp\/v2\/media?parent=290"}],"wp:term":[{"taxonomy":"category","embeddable":true,"href":"https:\/\/www.imot.ch\/wordpress\/wp-json\/wp\/v2\/categories?post=290"},{"taxonomy":"post_tag","embeddable":true,"href":"https:\/\/www.imot.ch\/wordpress\/wp-json\/wp\/v2\/tags?post=290"}],"curies":[{"name":"wp","href":"https:\/\/api.w.org\/{rel}","templated":true}]}}